{"id":9361,"date":"2022-08-31T08:00:03","date_gmt":"2022-08-31T08:00:03","guid":{"rendered":"https:\/\/www.alianzahispana.org\/blog\/?p=9361"},"modified":"2022-08-29T16:54:07","modified_gmt":"2022-08-29T16:54:07","slug":"inicia-la-temporada-de-compra-de-casas","status":"publish","type":"post","link":"https:\/\/www.alianzahispana.org\/blog\/inicia-la-temporada-de-compra-de-casas\/","title":{"rendered":"\u00a1Inicia la temporada de compra de casas!"},"content":{"rendered":"<p><span>Si algo es un indicador de las fortalezas de la econom\u00eda, la vivienda es probablemente un buen candidato.\u00a0La raz\u00f3n es que entre la construcci\u00f3n y el gasto en suministros y servicios relacionados con su casa, la contribuci\u00f3n general de la vivienda al producto interno bruto (PIB)\u00a0<\/span><span>promedia entre 15% y 18%<\/span><span>\u00a0.\u00a0El PIB es la m\u00e9trica global m\u00e1s ampliamente aceptada del crecimiento econ\u00f3mico (o la falta del mismo).<\/span><\/p>\n<p><span><span class=\"\">\u00bfQu\u00e9 evidencia tenemos de esta confianza en el sector de la vivienda y del hecho de que podr\u00eda ser el momento adecuado para <\/span><\/span><span><span class=\"\">comprar una casa<\/span><\/span><span><span class=\"\">?\u00a0<\/span>En este este art\u00edculo te explicaremos por qu\u00e9 tenemos confianza en el mercado inmobiliario en este momento y por qu\u00e9 t\u00fa tambi\u00e9n deber\u00edas hacerlo.<\/span><\/p>\n<p>&nbsp;<\/p>\n<h3>1. Incremento en las solicitudes de compra<\/h3>\n<p><span><span class=\"goog-text-highlight\">Las solicitudes para comprar una casa est\u00e1n creciendo en casi un 10%,<\/span><\/span><span><span class=\"goog-text-highlight\"> lo que es una excelente noticia<\/span> porque el a\u00f1o pasado en este momento, est\u00e1bamos en una mala situaci\u00f3n econ\u00f3mica debido al COVID-19. <\/span>Es probable que un par de factores est\u00e9n impulsando esto: uno, para estimular el endeudamiento y el gasto de los consumidores, la Reserva Federal ha realizado varios movimientos que han resultado en tasas hipotecarias que est\u00e1n\u00a0en m\u00ednimos hist\u00f3ricos o cerca\u00a0de ellos , seg\u00fan Freddie Mac.<\/p>\n<p><span>El segundo factor probable tiene que ver con el hecho de que recientemente hemos pasado tanto tiempo en nuestros hogares, por lo cual algunas personas est\u00e1n buscando mejorar su calidad de vida a trav\u00e9s de mejorar su vivienda.<\/span><\/p>\n<p>&nbsp;<\/p>\n<h3>2. La gente est\u00e1 volviendo al trabajo<\/h3>\n<p><span class=\"\">Despu\u00e9s de un a\u00f1o dif\u00edcil, la mayor\u00eda de las personas que se vieron m\u00e1s afectadas ya est\u00e1n saliendo del desempleo, ya sea porque pudieron regresar a sus trabajos anteriores o porque encontraron un nuevo trabajo. <\/span><span>La restauraci\u00f3n de los ingresos ha hecho que algunos de los que estaban buscando antes de la pandemia y lo suspendieron por ella, vuelvan a hacerlo.<\/span><\/p>\n<p>&nbsp;<\/p>\n<h3>3. Las ventas de casas nuevas han aumentado<\/h3>\n<p>Los recientes aumentos semana a semana en las solicitudes de compra apuntan a que las solicitudes de casas nuevas ir\u00e1n creciendo. Adem\u00e1s, los precios de las casas nuevas han estado cayendo porque los constructores no est\u00e1n en el negocio de sentarse en el inventario, as\u00ed que ahora podr\u00eda ser el momento de saltar a una casa si est\u00e1s buscando en el mercado de la construcci\u00f3n nueva.<\/p>\n<p>&nbsp;<\/p>\n<h3>4. El inventario de viviendas est\u00e1 en recuperaci\u00f3n<\/h3>\n<p>Durante la \u00e9poca m\u00e1s fuerte de la pandemia del COVID mucha gente retir\u00f3 del mercado sus casas, considerando que no era un buen momento para ponerlas a la venta. Sin embargo, en los \u00faltimos meses el inventario ha ido creciendo casi un 5% mensualmente desde inicios de este a\u00f1o.<\/p>\n<p>&nbsp;<\/p>\n<p>Si est\u00e1s listo y quiere seguir adelante con la compra de un hogar en los Estados Unidos, recuerda que Alianza Hispana est\u00e1 aqu\u00ed para ayudarte, en espa\u00f1ol y de manera gratuita, \u00a1para que compras el sue\u00f1o de tener casa propia!<\/p>\n<p>&nbsp;<\/p>\n","protected":false},"excerpt":{"rendered":"<p>Si algo es un indicador de las fortalezas de la econom\u00eda, la vivienda es probablemente un buen candidato.\u00a0La raz\u00f3n es que entre la construcci\u00f3n y el gasto en suministros y servicios relacionados con su casa, la contribuci\u00f3n general de la vivienda al producto interno bruto (PIB)\u00a0promedia entre 15% y 18%\u00a0.\u00a0El PIB es la m\u00e9trica global [&hellip;]<\/p>\n","protected":false},"author":1,"featured_media":9362,"comment_status":"closed","ping_status":"open","sticky":false,"template":"","format":"standard","meta":{"footnotes":""},"categories":[146],"tags":[],"class_list":["post-9361","post","type-post","status-publish","format-standard","has-post-thumbnail","hentry","category-bienes-raices"],"yoast_head":"<!-- This site is optimized with the Yoast SEO plugin v19.14 - https:\/\/yoast.com\/wordpress\/plugins\/seo\/ -->\n<title>\u00a1Inicia la temporada de compra de casas! - Alianza Hispana Blog<\/title>\n<meta name=\"robots\" content=\"index, follow, max-snippet:-1, max-image-preview:large, max-video-preview:-1\" \/>\n<link rel=\"canonical\" href=\"https:\/\/www.alianzahispana.org\/blog\/inicia-la-temporada-de-compra-de-casas\/\" \/>\n<meta property=\"og:locale\" content=\"es_MX\" \/>\n<meta property=\"og:type\" content=\"article\" \/>\n<meta property=\"og:title\" content=\"\u00a1Inicia la temporada de compra de casas! - Alianza Hispana Blog\" \/>\n<meta property=\"og:description\" content=\"Si algo es un indicador de las fortalezas de la econom\u00eda, la vivienda es probablemente un buen candidato.\u00a0La raz\u00f3n es que entre la construcci\u00f3n y el gasto en suministros y servicios relacionados con su casa, la contribuci\u00f3n general de la vivienda al producto interno bruto (PIB)\u00a0promedia entre 15% y 18%\u00a0.\u00a0El PIB es la m\u00e9trica global [&hellip;]\" \/>\n<meta property=\"og:url\" content=\"https:\/\/www.alianzahispana.org\/blog\/inicia-la-temporada-de-compra-de-casas\/\" \/>\n<meta property=\"og:site_name\" content=\"Alianza Hispana Blog\" \/>\n<meta property=\"article:published_time\" content=\"2022-08-31T08:00:03+00:00\" \/>\n<meta property=\"article:modified_time\" content=\"2022-08-29T16:54:07+00:00\" \/>\n<meta property=\"og:image\" content=\"https:\/\/www.alianzahispana.org\/blog\/wp-content\/uploads\/2022\/08\/property-market-with-house-mini-house-shopping-cart-scaled.jpg\" \/>\n\t<meta property=\"og:image:width\" content=\"2560\" \/>\n\t<meta property=\"og:image:height\" content=\"1707\" \/>\n\t<meta property=\"og:image:type\" content=\"image\/jpeg\" \/>\n<meta name=\"author\" content=\"admin\" \/>\n<meta name=\"twitter:card\" content=\"summary_large_image\" \/>\n<meta name=\"twitter:label1\" content=\"Escrito por\" \/>\n\t<meta name=\"twitter:data1\" content=\"admin\" \/>\n\t<meta name=\"twitter:label2\" content=\"Tiempo de lectura\" \/>\n\t<meta name=\"twitter:data2\" content=\"3 minutos\" \/>\n<script type=\"application\/ld+json\" class=\"yoast-schema-graph\">{\"@context\":\"https:\/\/schema.org\",\"@graph\":[{\"@type\":\"WebPage\",\"@id\":\"https:\/\/www.alianzahispana.org\/blog\/inicia-la-temporada-de-compra-de-casas\/\",\"url\":\"https:\/\/www.alianzahispana.org\/blog\/inicia-la-temporada-de-compra-de-casas\/\",\"name\":\"\u00a1Inicia la temporada de compra de casas! - Alianza Hispana Blog\",\"isPartOf\":{\"@id\":\"https:\/\/www.alianzahispana.org\/blog\/#website\"},\"datePublished\":\"2022-08-31T08:00:03+00:00\",\"dateModified\":\"2022-08-29T16:54:07+00:00\",\"author\":{\"@id\":\"https:\/\/www.alianzahispana.org\/blog\/#\/schema\/person\/dc9d9f040d93ffd0f0730aad178d21b4\"},\"breadcrumb\":{\"@id\":\"https:\/\/www.alianzahispana.org\/blog\/inicia-la-temporada-de-compra-de-casas\/#breadcrumb\"},\"inLanguage\":\"es\",\"potentialAction\":[{\"@type\":\"ReadAction\",\"target\":[\"https:\/\/www.alianzahispana.org\/blog\/inicia-la-temporada-de-compra-de-casas\/\"]}]},{\"@type\":\"BreadcrumbList\",\"@id\":\"https:\/\/www.alianzahispana.org\/blog\/inicia-la-temporada-de-compra-de-casas\/#breadcrumb\",\"itemListElement\":[{\"@type\":\"ListItem\",\"position\":1,\"name\":\"Inicio\",\"item\":\"https:\/\/www.alianzahispana.org\/blog\/\"},{\"@type\":\"ListItem\",\"position\":2,\"name\":\"\u00a1Inicia la temporada de compra de casas!\"}]},{\"@type\":\"WebSite\",\"@id\":\"https:\/\/www.alianzahispana.org\/blog\/#website\",\"url\":\"https:\/\/www.alianzahispana.org\/blog\/\",\"name\":\"Alianza Hispana Blog\",\"description\":\"Educando a nuestra gente\",\"potentialAction\":[{\"@type\":\"SearchAction\",\"target\":{\"@type\":\"EntryPoint\",\"urlTemplate\":\"https:\/\/www.alianzahispana.org\/blog\/?s={search_term_string}\"},\"query-input\":\"required name=search_term_string\"}],\"inLanguage\":\"es\"},{\"@type\":\"Person\",\"@id\":\"https:\/\/www.alianzahispana.org\/blog\/#\/schema\/person\/dc9d9f040d93ffd0f0730aad178d21b4\",\"name\":\"admin\",\"image\":{\"@type\":\"ImageObject\",\"inLanguage\":\"es\",\"@id\":\"https:\/\/www.alianzahispana.org\/blog\/#\/schema\/person\/image\/\",\"url\":\"https:\/\/secure.gravatar.com\/avatar\/5708d872d63540a5c65ac219aae6f33f1f8330f80a64fb7fa61e9c4a0a090d4d?s=96&d=mm&r=g\",\"contentUrl\":\"https:\/\/secure.gravatar.com\/avatar\/5708d872d63540a5c65ac219aae6f33f1f8330f80a64fb7fa61e9c4a0a090d4d?s=96&d=mm&r=g\",\"caption\":\"admin\"},\"sameAs\":[\"https:\/\/www.alianzahispana.org\/blog\"],\"url\":\"https:\/\/www.alianzahispana.org\/blog\/author\/admin\/\"}]}<\/script>\n<!-- \/ Yoast SEO plugin. -->","yoast_head_json":{"title":"\u00a1Inicia la temporada de compra de casas! - Alianza Hispana Blog","robots":{"index":"index","follow":"follow","max-snippet":"max-snippet:-1","max-image-preview":"max-image-preview:large","max-video-preview":"max-video-preview:-1"},"canonical":"https:\/\/www.alianzahispana.org\/blog\/inicia-la-temporada-de-compra-de-casas\/","og_locale":"es_MX","og_type":"article","og_title":"\u00a1Inicia la temporada de compra de casas! - Alianza Hispana Blog","og_description":"Si algo es un indicador de las fortalezas de la econom\u00eda, la vivienda es probablemente un buen candidato.\u00a0La raz\u00f3n es que entre la construcci\u00f3n y el gasto en suministros y servicios relacionados con su casa, la contribuci\u00f3n general de la vivienda al producto interno bruto (PIB)\u00a0promedia entre 15% y 18%\u00a0.\u00a0El PIB es la m\u00e9trica global [&hellip;]","og_url":"https:\/\/www.alianzahispana.org\/blog\/inicia-la-temporada-de-compra-de-casas\/","og_site_name":"Alianza Hispana Blog","article_published_time":"2022-08-31T08:00:03+00:00","article_modified_time":"2022-08-29T16:54:07+00:00","og_image":[{"width":2560,"height":1707,"url":"https:\/\/www.alianzahispana.org\/blog\/wp-content\/uploads\/2022\/08\/property-market-with-house-mini-house-shopping-cart-scaled.jpg","type":"image\/jpeg"}],"author":"admin","twitter_card":"summary_large_image","twitter_misc":{"Escrito por":"admin","Tiempo de lectura":"3 minutos"},"schema":{"@context":"https:\/\/schema.org","@graph":[{"@type":"WebPage","@id":"https:\/\/www.alianzahispana.org\/blog\/inicia-la-temporada-de-compra-de-casas\/","url":"https:\/\/www.alianzahispana.org\/blog\/inicia-la-temporada-de-compra-de-casas\/","name":"\u00a1Inicia la temporada de compra de casas! - Alianza Hispana Blog","isPartOf":{"@id":"https:\/\/www.alianzahispana.org\/blog\/#website"},"datePublished":"2022-08-31T08:00:03+00:00","dateModified":"2022-08-29T16:54:07+00:00","author":{"@id":"https:\/\/www.alianzahispana.org\/blog\/#\/schema\/person\/dc9d9f040d93ffd0f0730aad178d21b4"},"breadcrumb":{"@id":"https:\/\/www.alianzahispana.org\/blog\/inicia-la-temporada-de-compra-de-casas\/#breadcrumb"},"inLanguage":"es","potentialAction":[{"@type":"ReadAction","target":["https:\/\/www.alianzahispana.org\/blog\/inicia-la-temporada-de-compra-de-casas\/"]}]},{"@type":"BreadcrumbList","@id":"https:\/\/www.alianzahispana.org\/blog\/inicia-la-temporada-de-compra-de-casas\/#breadcrumb","itemListElement":[{"@type":"ListItem","position":1,"name":"Inicio","item":"https:\/\/www.alianzahispana.org\/blog\/"},{"@type":"ListItem","position":2,"name":"\u00a1Inicia la temporada de compra de casas!"}]},{"@type":"WebSite","@id":"https:\/\/www.alianzahispana.org\/blog\/#website","url":"https:\/\/www.alianzahispana.org\/blog\/","name":"Alianza Hispana Blog","description":"Educando a nuestra gente","potentialAction":[{"@type":"SearchAction","target":{"@type":"EntryPoint","urlTemplate":"https:\/\/www.alianzahispana.org\/blog\/?s={search_term_string}"},"query-input":"required name=search_term_string"}],"inLanguage":"es"},{"@type":"Person","@id":"https:\/\/www.alianzahispana.org\/blog\/#\/schema\/person\/dc9d9f040d93ffd0f0730aad178d21b4","name":"admin","image":{"@type":"ImageObject","inLanguage":"es","@id":"https:\/\/www.alianzahispana.org\/blog\/#\/schema\/person\/image\/","url":"https:\/\/secure.gravatar.com\/avatar\/5708d872d63540a5c65ac219aae6f33f1f8330f80a64fb7fa61e9c4a0a090d4d?s=96&d=mm&r=g","contentUrl":"https:\/\/secure.gravatar.com\/avatar\/5708d872d63540a5c65ac219aae6f33f1f8330f80a64fb7fa61e9c4a0a090d4d?s=96&d=mm&r=g","caption":"admin"},"sameAs":["https:\/\/www.alianzahispana.org\/blog"],"url":"https:\/\/www.alianzahispana.org\/blog\/author\/admin\/"}]}},"amp_enabled":true,"_links":{"self":[{"href":"https:\/\/www.alianzahispana.org\/blog\/wp-json\/wp\/v2\/posts\/9361","targetHints":{"allow":["GET"]}}],"collection":[{"href":"https:\/\/www.alianzahispana.org\/blog\/wp-json\/wp\/v2\/posts"}],"about":[{"href":"https:\/\/www.alianzahispana.org\/blog\/wp-json\/wp\/v2\/types\/post"}],"author":[{"embeddable":true,"href":"https:\/\/www.alianzahispana.org\/blog\/wp-json\/wp\/v2\/users\/1"}],"replies":[{"embeddable":true,"href":"https:\/\/www.alianzahispana.org\/blog\/wp-json\/wp\/v2\/comments?post=9361"}],"version-history":[{"count":1,"href":"https:\/\/www.alianzahispana.org\/blog\/wp-json\/wp\/v2\/posts\/9361\/revisions"}],"predecessor-version":[{"id":9363,"href":"https:\/\/www.alianzahispana.org\/blog\/wp-json\/wp\/v2\/posts\/9361\/revisions\/9363"}],"wp:featuredmedia":[{"embeddable":true,"href":"https:\/\/www.alianzahispana.org\/blog\/wp-json\/wp\/v2\/media\/9362"}],"wp:attachment":[{"href":"https:\/\/www.alianzahispana.org\/blog\/wp-json\/wp\/v2\/media?parent=9361"}],"wp:term":[{"taxonomy":"category","embeddable":true,"href":"https:\/\/www.alianzahispana.org\/blog\/wp-json\/wp\/v2\/categories?post=9361"},{"taxonomy":"post_tag","embeddable":true,"href":"https:\/\/www.alianzahispana.org\/blog\/wp-json\/wp\/v2\/tags?post=9361"}],"curies":[{"name":"wp","href":"https:\/\/api.w.org\/{rel}","templated":true}]}}